{"id":534,"date":"2016-05-12T16:50:58","date_gmt":"2016-05-12T16:50:58","guid":{"rendered":"http:\/\/www.fernandocc17.org\/blog\/?p=534"},"modified":"2016-05-12T16:50:58","modified_gmt":"2016-05-12T16:50:58","slug":"acostumbrado-a-guardarte-silencio","status":"publish","type":"post","link":"http:\/\/www.fernandocc17.org\/blog\/quotes\/acostumbrado-a-guardarte-silencio\/","title":{"rendered":"Acostumbrado a guardarte silencio"},"content":{"rendered":"<div class=\"_1dwg\">\n<div class=\"_3x-2\">\n<div>\n<div class=\"_5r69\">\n<div class=\"mtm\">\n<div class=\"mtm _5pcm\">\n<div class=\"mtm _5pco\" data-ft=\"{&quot;tn&quot;:&quot;K&quot;}\">\n<blockquote><p>&#8220;me he acostumbrado a aguardarte en silencio, dese\u00e1ndote, dese\u00e1ndote nom\u00e1s y all\u00ed en el fondo de mi alma te espero, \u00edntimamente conf\u00edo en ti, creo en ti -porque creo en mi amor, porque s\u00e9 que no hay amor bald\u00edo-, y estoy como si esperara madurar una fruta, como si esperara que cayese un beso, como si esperara florecer un sue\u00f1o.&#8221;<\/p><\/blockquote>\n<p>-Jaime Sabines-<\/p>\n<div class=\"_5wpt\"><\/div>\n<\/div>\n<\/div>\n<\/div>\n<\/div>\n<\/div>\n<\/div>\n<\/div>\n<div><\/div>\n","protected":false},"excerpt":{"rendered":"<p>&#8220;me he acostumbrado a aguardarte en silencio, dese\u00e1ndote, dese\u00e1ndote nom\u00e1s y all\u00ed en el fondo de mi alma te espero, \u00edntimamente conf\u00edo en ti, creo en ti -porque creo en mi amor, porque s\u00e9 que no hay amor bald\u00edo-, y estoy como si esperara madurar una fruta, como si esperara que cayese un beso, como &hellip; <a href=\"http:\/\/www.fernandocc17.org\/blog\/quotes\/acostumbrado-a-guardarte-silencio\/\" class=\"more-link\">Continue reading <span class=\"screen-reader-text\">Acostumbrado a guardarte silencio<\/span> <span class=\"meta-nav\">&rarr;<\/span><\/a><\/p>\n","protected":false},"author":2,"featured_media":0,"comment_status":"open","ping_status":"open","sticky":false,"template":"","format":"quote","meta":[],"categories":[13],"tags":[16,28],"_links":{"self":[{"href":"http:\/\/www.fernandocc17.org\/blog\/wp-json\/wp\/v2\/posts\/534"}],"collection":[{"href":"http:\/\/www.fernandocc17.org\/blog\/wp-json\/wp\/v2\/posts"}],"about":[{"href":"http:\/\/www.fernandocc17.org\/blog\/wp-json\/wp\/v2\/types\/post"}],"author":[{"embeddable":true,"href":"http:\/\/www.fernandocc17.org\/blog\/wp-json\/wp\/v2\/users\/2"}],"replies":[{"embeddable":true,"href":"http:\/\/www.fernandocc17.org\/blog\/wp-json\/wp\/v2\/comments?post=534"}],"version-history":[{"count":3,"href":"http:\/\/www.fernandocc17.org\/blog\/wp-json\/wp\/v2\/posts\/534\/revisions"}],"predecessor-version":[{"id":1002,"href":"http:\/\/www.fernandocc17.org\/blog\/wp-json\/wp\/v2\/posts\/534\/revisions\/1002"}],"wp:attachment":[{"href":"http:\/\/www.fernandocc17.org\/blog\/wp-json\/wp\/v2\/media?parent=534"}],"wp:term":[{"taxonomy":"category","embeddable":true,"href":"http:\/\/www.fernandocc17.org\/blog\/wp-json\/wp\/v2\/categories?post=534"},{"taxonomy":"post_tag","embeddable":true,"href":"http:\/\/www.fernandocc17.org\/blog\/wp-json\/wp\/v2\/tags?post=534"}],"curies":[{"name":"wp","href":"https:\/\/api.w.org\/{rel}","templated":true}]}}